{"id":36663,"date":"2023-10-30T10:01:20","date_gmt":"2023-10-30T09:01:20","guid":{"rendered":"https:\/\/amadem.es\/el-cancer-de-mama-necessita-duna-bona-salut-mental\/"},"modified":"2025-08-20T13:44:10","modified_gmt":"2025-08-20T11:44:10","slug":"el-cancer-de-mama-necessita-duna-bona-salut-mental","status":"publish","type":"post","link":"https:\/\/amadem.es\/ca\/el-cancer-de-mama-necessita-duna-bona-salut-mental\/","title":{"rendered":"El C\u00e0ncer de Mama necessita d&#8217;una Bona Salut Mental"},"content":{"rendered":"\n<p>Per a les dones, i alguns homes, (35.001 el nombre de persones amb c\u00e0ncers de mama diagnosticats fins a la data l&#8217;any 2023), saber que tenen c\u00e0ncer de mama \u00e9s devastador. Viure amb el diagn\u00f2stic pot canviar el m\u00f3n d&#8217;una persona i, juntament amb els s\u00edmptomes f\u00edsics, no \u00e9s estrany experimentar problemes de salut mental com depressi\u00f3 i ansietat. Diferents estudis han demostrat una necessitat real de donar suport a la salut mental de les persones diagnosticades amb c\u00e0ncer de mama. Despr\u00e9s del diagn\u00f2stic i comen\u00e7ament del tractament pot apar\u00e8ixer un remol\u00ed de por, tristesa, ira i preocupaci\u00f3. Aquestes emocions poden provocar ansietat i depressi\u00f3 o exacerbar els s\u00edmptomes d&#8217;alg\u00fa que ja viu amb aquestes condicions. Pensem que quan no ens sentim b\u00e9, tendim a descuidar la nostra salut f\u00edsica. \u00c9s possible que no mengem b\u00e9 o que optem per l&#8217;opci\u00f3 m\u00e9s accessible, f\u00e0cil o c\u00f2moda, en lloc de la m\u00e9s saludable. Tamb\u00e9, que no fem exercici perqu\u00e8 estem molt esgotats\/des i, sovint, tenim problemes per dormir b\u00e9 a la nit, aix\u00f2 \u00e9s molt probable en persones amb un diagn\u00f2stic de c\u00e0ncer. Per aix\u00f2 \u00e9s tan necessari ser conscients i buscar ajuda quan sigui necessari, reaccions emocionals negatives i desadaptatives seran normals i esperables davant la not\u00edcia que \u201ctinc c\u00e0ncer\u201d, per\u00f2 la continu\u00eftat, la gesti\u00f3 i el maneig del que penso sento i faig, em dir\u00e0, si cal i \u00e9s necessari que busqui professionals en salut mental que m&#8217;acompanyin en aquest cam\u00ed. Juntament amb el cost emocional que pot portar un diagn\u00f2stic de c\u00e0ncer de mama, el tractament en si pot causar insomni, problemes de mem\u00f2ria i canvis en el nivell hormonal que provoquen canvis d&#8217;humor. L&#8217;augment de pes tamb\u00e9 \u00e9s un efecte secundari conegut d&#8217;alguns medicaments. Tot aix\u00f2 posa les persones en major risc de desenvolupar problemes de salut mental a llarg termini. L&#8217;objectiu principal del tractament de salut mental durant el c\u00e0ncer de mama \u00e9s ajudar les persones a aprendre a afrontar els canvis emocionals, f\u00edsics i emocionals associats amb la malaltia i els tractaments, que poden ser traum\u00e0tics i dolorosos. No tinguem por a demanar ajuda, comprometem-nos amb la nostra salut f\u00edsica i mental. Segurament el cam\u00ed ser\u00e0 menys pesat, menys dolor\u00f3s i la meva actitud davant les circumst\u00e0ncies ser\u00e0 m\u00e9s favorable per al resultat o pron\u00f2stic de la malaltia.              <\/p>\n\n<p class=\"has-text-align-right\">Luisina Daives. Psic\u00f2loga d&#8217;Amadem <\/p>\n","protected":false},"excerpt":{"rendered":"<p>Per a les dones, i alguns homes, (35.001 el nombre de persones amb c\u00e0ncers de mama diagnosticats fins a la data l&#8217;any 2023), saber que tenen c\u00e0ncer de mama \u00e9s devastador. Viure amb el diagn\u00f2stic pot canviar el m\u00f3n d&#8217;una persona i, juntament amb els s\u00edmptomes f\u00edsics, no \u00e9s estrany experimentar problemes de salut mental [&hellip;]<\/p>\n","protected":false},"author":5,"featured_media":36341,"comment_status":"closed","ping_status":"closed","sticky":false,"template":"","format":"standard","meta":{"footnotes":""},"categories":[300],"tags":[304,291,302,301,289,303,292,293],"class_list":["post-36663","post","type-post","status-publish","format-standard","has-post-thumbnail","hentry","category-articles","tag-acompanyament","tag-amadem-ca","tag-cancer-de-mama-ca","tag-conscienciacio","tag-denia-ca","tag-dia-ca","tag-marina-alta-ca","tag-salut-mental"],"_links":{"self":[{"href":"https:\/\/amadem.es\/ca\/wp-json\/wp\/v2\/posts\/36663","targetHints":{"allow":["GET"]}}],"collection":[{"href":"https:\/\/amadem.es\/ca\/wp-json\/wp\/v2\/posts"}],"about":[{"href":"https:\/\/amadem.es\/ca\/wp-json\/wp\/v2\/types\/post"}],"author":[{"embeddable":true,"href":"https:\/\/amadem.es\/ca\/wp-json\/wp\/v2\/users\/5"}],"replies":[{"embeddable":true,"href":"https:\/\/amadem.es\/ca\/wp-json\/wp\/v2\/comments?post=36663"}],"version-history":[{"count":1,"href":"https:\/\/amadem.es\/ca\/wp-json\/wp\/v2\/posts\/36663\/revisions"}],"predecessor-version":[{"id":36664,"href":"https:\/\/amadem.es\/ca\/wp-json\/wp\/v2\/posts\/36663\/revisions\/36664"}],"wp:featuredmedia":[{"embeddable":true,"href":"https:\/\/amadem.es\/ca\/wp-json\/wp\/v2\/media\/36341"}],"wp:attachment":[{"href":"https:\/\/amadem.es\/ca\/wp-json\/wp\/v2\/media?parent=36663"}],"wp:term":[{"taxonomy":"category","embeddable":true,"href":"https:\/\/amadem.es\/ca\/wp-json\/wp\/v2\/categories?post=36663"},{"taxonomy":"post_tag","embeddable":true,"href":"https:\/\/amadem.es\/ca\/wp-json\/wp\/v2\/tags?post=36663"}],"curies":[{"name":"wp","href":"https:\/\/api.w.org\/{rel}","templated":true}]}}